{"id":5960,"date":"2022-09-20T11:39:18","date_gmt":"2022-09-20T09:39:18","guid":{"rendered":"https:\/\/www.eibareskubaloia.eus\/eskubaloi-eskolako-bilera-irekia-reunion-informativa\/"},"modified":"2022-09-20T11:40:00","modified_gmt":"2022-09-20T09:40:00","slug":"eskubaloi-eskolako-bilera-irekia-reunion-informativa","status":"publish","type":"post","link":"https:\/\/www.eibareskubaloia.eus\/eu\/eskubaloi-eskolako-bilera-irekia-reunion-informativa\/","title":{"rendered":"Eskubaloi eskolako bilera irekia- Reuni\u00f3n informativa"},"content":{"rendered":"<p>Aurreko urteetan bezala taldeko gurasoekin biltzea gustatuko litzaiguke urte hasera nola izango den azaltzeko eta urtean zehar izango ditugun ekintza desberdinak partekatzeko. Bilera irekia edozein gurasoentzat nahiz eta umeak apuntatu gabe egon.<\/p>\n<p>&nbsp;<\/p>\n<p>Como en a\u00f1os anteriores nos gustar\u00eda reunirnos con los padres y madres del grupo para explicarles c\u00f3mo ser\u00e1 el principio de temporada y compartir las diferentes acciones que tendremos a lo largo del a\u00f1o. Reuni\u00f3n abierta a todos los padres y madres independiente si est\u00e1n apuntados o no.<\/p>\n<p>&nbsp;<\/p>\n<p><strong>Lugar-Tokia: Argatxa Jardi\u00f1ak <\/strong><\/p>\n<p><strong>\u00a0 \u00a0 \u00a0 \u00a0 \u00a0 \u00a0 \u00a0 \u00a0 \u00a0 \u00a0 \u00a0 \u00a0 \u00a0 \u00a01 Jardines de Argatxa 1 <\/strong><\/p>\n<p>&nbsp;<\/p>\n<p><strong>Irailak 27 de septiembre<\/strong><\/p>\n<p><strong>\u00a0 \u00a0 \u00a0 \u00a0 \u00a0 \u00a0 \u00a0 \u00a0 \u00a0 \u00a0 \u00a0 \u00a0 \u00a0 \u00a019:00 3.maila eta 4.maila <\/strong><\/p>\n<p><strong>\u00a0 \u00a0 \u00a0 \u00a0 \u00a0 \u00a0 \u00a0 \u00a0 \u00a0 \u00a0 \u00a0 \u00a0 \u00a0 \u00a019:30 5.maila eta 6.maila<\/strong><\/p>\n","protected":false},"excerpt":{"rendered":"<p>Aurreko urteetan bezala taldeko gurasoekin biltzea gustatuko litzaiguke urte hasera nola izango den azaltzeko eta urtean zehar izango ditugun ekintza desberdinak partekatzeko. Bilera irekia edozein gurasoentzat nahiz eta umeak apuntatu gabe egon. &nbsp; Como en a\u00f1os anteriores nos gustar\u00eda reunirnos con los padres y madres del grupo para explicarles c\u00f3mo ser\u00e1 el principio de temporada<\/p>\n","protected":false},"author":3,"featured_media":5958,"comment_status":"closed","ping_status":"closed","sticky":false,"template":"","format":"standard","meta":{"footnotes":""},"categories":[102,103,100,51],"tags":[],"class_list":["post-5960","post","type-post","status-publish","format-standard","has-post-thumbnail","hentry","category-cantera-eu","category-eibar-eskubaloia-eu","category-kantera","category-kategoria-gabe","prodpage-style3"],"yoast_head":"<!-- This site is optimized with the Yoast SEO plugin v27.5 - https:\/\/yoast.com\/product\/yoast-seo-wordpress\/ -->\n<title>Eskubaloi eskolako bilera irekia- Reuni\u00f3n informativa - Eibar Eskubaloia<\/title>\n<meta name=\"robots\" content=\"index, follow, max-snippet:-1, max-image-preview:large, max-video-preview:-1\" \/>\n<link rel=\"canonical\" href=\"https:\/\/www.eibareskubaloia.eus\/eu\/eskubaloi-eskolako-bilera-irekia-reunion-informativa\/\" \/>\n<meta property=\"og:locale\" content=\"eu_ES\" \/>\n<meta property=\"og:type\" content=\"article\" \/>\n<meta property=\"og:title\" content=\"Eskubaloi eskolako bilera irekia- Reuni\u00f3n informativa - Eibar Eskubaloia\" \/>\n<meta property=\"og:description\" content=\"Aurreko urteetan bezala taldeko gurasoekin biltzea gustatuko litzaiguke urte hasera nola izango den azaltzeko eta urtean zehar izango ditugun ekintza desberdinak partekatzeko. Bilera irekia edozein gurasoentzat nahiz eta umeak apuntatu gabe egon. &nbsp; Como en a\u00f1os anteriores nos gustar\u00eda reunirnos con los padres y madres del grupo para explicarles c\u00f3mo ser\u00e1 el principio de temporada\" \/>\n<meta property=\"og:url\" content=\"https:\/\/www.eibareskubaloia.eus\/eu\/eskubaloi-eskolako-bilera-irekia-reunion-informativa\/\" \/>\n<meta property=\"og:site_name\" content=\"Eibar Eskubaloia\" \/>\n<meta property=\"article:publisher\" content=\"https:\/\/www.facebook.com\/eibar.eskubaloia\" \/>\n<meta property=\"article:published_time\" content=\"2022-09-20T09:39:18+00:00\" \/>\n<meta property=\"article:modified_time\" content=\"2022-09-20T09:40:00+00:00\" \/>\n<meta property=\"og:image\" content=\"https:\/\/www.eibareskubaloia.eus\/wp-content\/uploads\/2022\/09\/Captura-de-Pantalla-2022-09-20-a-las-11.38.45.png\" \/>\n\t<meta property=\"og:image:width\" content=\"1072\" \/>\n\t<meta property=\"og:image:height\" content=\"1138\" \/>\n\t<meta property=\"og:image:type\" content=\"image\/png\" \/>\n<meta name=\"author\" content=\"Eibar Eskubaloia\" \/>\n<meta name=\"twitter:card\" content=\"summary_large_image\" \/>\n<meta name=\"twitter:label1\" content=\"Written by\" \/>\n\t<meta name=\"twitter:data1\" content=\"Eibar Eskubaloia\" \/>\n\t<meta name=\"twitter:label2\" content=\"Est. reading time\" \/>\n\t<meta name=\"twitter:data2\" content=\"1 minute\" \/>\n<script type=\"application\/ld+json\" class=\"yoast-schema-graph\">{\"@context\":\"https:\\\/\\\/schema.org\",\"@graph\":[{\"@type\":\"Article\",\"@id\":\"https:\\\/\\\/www.eibareskubaloia.eus\\\/eu\\\/eskubaloi-eskolako-bilera-irekia-reunion-informativa\\\/#article\",\"isPartOf\":{\"@id\":\"https:\\\/\\\/www.eibareskubaloia.eus\\\/eu\\\/eskubaloi-eskolako-bilera-irekia-reunion-informativa\\\/\"},\"author\":{\"name\":\"Eibar Eskubaloia\",\"@id\":\"https:\\\/\\\/www.eibareskubaloia.eus\\\/eu\\\/#\\\/schema\\\/person\\\/fc7eb84932fb578ef76caa14f085097e\"},\"headline\":\"Eskubaloi eskolako bilera irekia- Reuni\u00f3n informativa\",\"datePublished\":\"2022-09-20T09:39:18+00:00\",\"dateModified\":\"2022-09-20T09:40:00+00:00\",\"mainEntityOfPage\":{\"@id\":\"https:\\\/\\\/www.eibareskubaloia.eus\\\/eu\\\/eskubaloi-eskolako-bilera-irekia-reunion-informativa\\\/\"},\"wordCount\":112,\"publisher\":{\"@id\":\"https:\\\/\\\/www.eibareskubaloia.eus\\\/eu\\\/#organization\"},\"image\":{\"@id\":\"https:\\\/\\\/www.eibareskubaloia.eus\\\/eu\\\/eskubaloi-eskolako-bilera-irekia-reunion-informativa\\\/#primaryimage\"},\"thumbnailUrl\":\"https:\\\/\\\/www.eibareskubaloia.eus\\\/wp-content\\\/uploads\\\/2022\\\/09\\\/Captura-de-Pantalla-2022-09-20-a-las-11.38.45.png\",\"articleSection\":[\"CANTERA\",\"EIBAR ESKUBALOIA\",\"KANTERA\",\"Kategoria gabe\"],\"inLanguage\":\"eu-ES\"},{\"@type\":\"WebPage\",\"@id\":\"https:\\\/\\\/www.eibareskubaloia.eus\\\/eu\\\/eskubaloi-eskolako-bilera-irekia-reunion-informativa\\\/\",\"url\":\"https:\\\/\\\/www.eibareskubaloia.eus\\\/eu\\\/eskubaloi-eskolako-bilera-irekia-reunion-informativa\\\/\",\"name\":\"Eskubaloi eskolako bilera irekia- Reuni\u00f3n informativa - Eibar Eskubaloia\",\"isPartOf\":{\"@id\":\"https:\\\/\\\/www.eibareskubaloia.eus\\\/eu\\\/#website\"},\"primaryImageOfPage\":{\"@id\":\"https:\\\/\\\/www.eibareskubaloia.eus\\\/eu\\\/eskubaloi-eskolako-bilera-irekia-reunion-informativa\\\/#primaryimage\"},\"image\":{\"@id\":\"https:\\\/\\\/www.eibareskubaloia.eus\\\/eu\\\/eskubaloi-eskolako-bilera-irekia-reunion-informativa\\\/#primaryimage\"},\"thumbnailUrl\":\"https:\\\/\\\/www.eibareskubaloia.eus\\\/wp-content\\\/uploads\\\/2022\\\/09\\\/Captura-de-Pantalla-2022-09-20-a-las-11.38.45.png\",\"datePublished\":\"2022-09-20T09:39:18+00:00\",\"dateModified\":\"2022-09-20T09:40:00+00:00\",\"breadcrumb\":{\"@id\":\"https:\\\/\\\/www.eibareskubaloia.eus\\\/eu\\\/eskubaloi-eskolako-bilera-irekia-reunion-informativa\\\/#breadcrumb\"},\"inLanguage\":\"eu-ES\",\"potentialAction\":[{\"@type\":\"ReadAction\",\"target\":[\"https:\\\/\\\/www.eibareskubaloia.eus\\\/eu\\\/eskubaloi-eskolako-bilera-irekia-reunion-informativa\\\/\"]}]},{\"@type\":\"ImageObject\",\"inLanguage\":\"eu-ES\",\"@id\":\"https:\\\/\\\/www.eibareskubaloia.eus\\\/eu\\\/eskubaloi-eskolako-bilera-irekia-reunion-informativa\\\/#primaryimage\",\"url\":\"https:\\\/\\\/www.eibareskubaloia.eus\\\/wp-content\\\/uploads\\\/2022\\\/09\\\/Captura-de-Pantalla-2022-09-20-a-las-11.38.45.png\",\"contentUrl\":\"https:\\\/\\\/www.eibareskubaloia.eus\\\/wp-content\\\/uploads\\\/2022\\\/09\\\/Captura-de-Pantalla-2022-09-20-a-las-11.38.45.png\",\"width\":1072,\"height\":1138},{\"@type\":\"BreadcrumbList\",\"@id\":\"https:\\\/\\\/www.eibareskubaloia.eus\\\/eu\\\/eskubaloi-eskolako-bilera-irekia-reunion-informativa\\\/#breadcrumb\",\"itemListElement\":[{\"@type\":\"ListItem\",\"position\":1,\"name\":\"Portada\",\"item\":\"https:\\\/\\\/www.eibareskubaloia.eus\\\/eu\\\/\"},{\"@type\":\"ListItem\",\"position\":2,\"name\":\"Eskubaloi eskolako bilera irekia- Reuni\u00f3n informativa\"}]},{\"@type\":\"WebSite\",\"@id\":\"https:\\\/\\\/www.eibareskubaloia.eus\\\/eu\\\/#website\",\"url\":\"https:\\\/\\\/www.eibareskubaloia.eus\\\/eu\\\/\",\"name\":\"Web oficial del club Eibar Eskubaloia\",\"description\":\"Web oficial del club de balonmano de Eibar\",\"publisher\":{\"@id\":\"https:\\\/\\\/www.eibareskubaloia.eus\\\/eu\\\/#organization\"},\"potentialAction\":[{\"@type\":\"SearchAction\",\"target\":{\"@type\":\"EntryPoint\",\"urlTemplate\":\"https:\\\/\\\/www.eibareskubaloia.eus\\\/eu\\\/?s={search_term_string}\"},\"query-input\":{\"@type\":\"PropertyValueSpecification\",\"valueRequired\":true,\"valueName\":\"search_term_string\"}}],\"inLanguage\":\"eu-ES\"},{\"@type\":\"Organization\",\"@id\":\"https:\\\/\\\/www.eibareskubaloia.eus\\\/eu\\\/#organization\",\"name\":\"Eibar Eskubaloia\",\"url\":\"https:\\\/\\\/www.eibareskubaloia.eus\\\/eu\\\/\",\"logo\":{\"@type\":\"ImageObject\",\"inLanguage\":\"eu-ES\",\"@id\":\"https:\\\/\\\/www.eibareskubaloia.eus\\\/eu\\\/#\\\/schema\\\/logo\\\/image\\\/\",\"url\":\"https:\\\/\\\/www.eibareskubaloia.eus\\\/wp-content\\\/uploads\\\/2019\\\/02\\\/Eibarko-eskubaloia-imagenes-web-06.png\",\"contentUrl\":\"https:\\\/\\\/www.eibareskubaloia.eus\\\/wp-content\\\/uploads\\\/2019\\\/02\\\/Eibarko-eskubaloia-imagenes-web-06.png\",\"width\":190,\"height\":65,\"caption\":\"Eibar Eskubaloia\"},\"image\":{\"@id\":\"https:\\\/\\\/www.eibareskubaloia.eus\\\/eu\\\/#\\\/schema\\\/logo\\\/image\\\/\"},\"sameAs\":[\"https:\\\/\\\/www.facebook.com\\\/eibar.eskubaloia\",\"https:\\\/\\\/www.instagram.com\\\/eibareskubaloia\\\/\"]},{\"@type\":\"Person\",\"@id\":\"https:\\\/\\\/www.eibareskubaloia.eus\\\/eu\\\/#\\\/schema\\\/person\\\/fc7eb84932fb578ef76caa14f085097e\",\"name\":\"Eibar Eskubaloia\",\"image\":{\"@type\":\"ImageObject\",\"inLanguage\":\"eu-ES\",\"@id\":\"https:\\\/\\\/secure.gravatar.com\\\/avatar\\\/1579ef6719cacc8def6aa4dc8e4bb2d6933882dddd4df02361841752a7b201a8?s=96&d=mm&r=g\",\"url\":\"https:\\\/\\\/secure.gravatar.com\\\/avatar\\\/1579ef6719cacc8def6aa4dc8e4bb2d6933882dddd4df02361841752a7b201a8?s=96&d=mm&r=g\",\"contentUrl\":\"https:\\\/\\\/secure.gravatar.com\\\/avatar\\\/1579ef6719cacc8def6aa4dc8e4bb2d6933882dddd4df02361841752a7b201a8?s=96&d=mm&r=g\",\"caption\":\"Eibar Eskubaloia\"},\"sameAs\":[\"http:\\\/\\\/Proyectos\"]}]}<\/script>\n<!-- \/ Yoast SEO plugin. -->","yoast_head_json":{"title":"Eskubaloi eskolako bilera irekia- Reuni\u00f3n informativa - Eibar Eskubaloia","robots":{"index":"index","follow":"follow","max-snippet":"max-snippet:-1","max-image-preview":"max-image-preview:large","max-video-preview":"max-video-preview:-1"},"canonical":"https:\/\/www.eibareskubaloia.eus\/eu\/eskubaloi-eskolako-bilera-irekia-reunion-informativa\/","og_locale":"eu_ES","og_type":"article","og_title":"Eskubaloi eskolako bilera irekia- Reuni\u00f3n informativa - Eibar Eskubaloia","og_description":"Aurreko urteetan bezala taldeko gurasoekin biltzea gustatuko litzaiguke urte hasera nola izango den azaltzeko eta urtean zehar izango ditugun ekintza desberdinak partekatzeko. Bilera irekia edozein gurasoentzat nahiz eta umeak apuntatu gabe egon. &nbsp; Como en a\u00f1os anteriores nos gustar\u00eda reunirnos con los padres y madres del grupo para explicarles c\u00f3mo ser\u00e1 el principio de temporada","og_url":"https:\/\/www.eibareskubaloia.eus\/eu\/eskubaloi-eskolako-bilera-irekia-reunion-informativa\/","og_site_name":"Eibar Eskubaloia","article_publisher":"https:\/\/www.facebook.com\/eibar.eskubaloia","article_published_time":"2022-09-20T09:39:18+00:00","article_modified_time":"2022-09-20T09:40:00+00:00","og_image":[{"width":1072,"height":1138,"url":"https:\/\/www.eibareskubaloia.eus\/wp-content\/uploads\/2022\/09\/Captura-de-Pantalla-2022-09-20-a-las-11.38.45.png","type":"image\/png"}],"author":"Eibar Eskubaloia","twitter_card":"summary_large_image","twitter_misc":{"Written by":"Eibar Eskubaloia","Est. reading time":"1 minute"},"schema":{"@context":"https:\/\/schema.org","@graph":[{"@type":"Article","@id":"https:\/\/www.eibareskubaloia.eus\/eu\/eskubaloi-eskolako-bilera-irekia-reunion-informativa\/#article","isPartOf":{"@id":"https:\/\/www.eibareskubaloia.eus\/eu\/eskubaloi-eskolako-bilera-irekia-reunion-informativa\/"},"author":{"name":"Eibar Eskubaloia","@id":"https:\/\/www.eibareskubaloia.eus\/eu\/#\/schema\/person\/fc7eb84932fb578ef76caa14f085097e"},"headline":"Eskubaloi eskolako bilera irekia- Reuni\u00f3n informativa","datePublished":"2022-09-20T09:39:18+00:00","dateModified":"2022-09-20T09:40:00+00:00","mainEntityOfPage":{"@id":"https:\/\/www.eibareskubaloia.eus\/eu\/eskubaloi-eskolako-bilera-irekia-reunion-informativa\/"},"wordCount":112,"publisher":{"@id":"https:\/\/www.eibareskubaloia.eus\/eu\/#organization"},"image":{"@id":"https:\/\/www.eibareskubaloia.eus\/eu\/eskubaloi-eskolako-bilera-irekia-reunion-informativa\/#primaryimage"},"thumbnailUrl":"https:\/\/www.eibareskubaloia.eus\/wp-content\/uploads\/2022\/09\/Captura-de-Pantalla-2022-09-20-a-las-11.38.45.png","articleSection":["CANTERA","EIBAR ESKUBALOIA","KANTERA","Kategoria gabe"],"inLanguage":"eu-ES"},{"@type":"WebPage","@id":"https:\/\/www.eibareskubaloia.eus\/eu\/eskubaloi-eskolako-bilera-irekia-reunion-informativa\/","url":"https:\/\/www.eibareskubaloia.eus\/eu\/eskubaloi-eskolako-bilera-irekia-reunion-informativa\/","name":"Eskubaloi eskolako bilera irekia- Reuni\u00f3n informativa - Eibar Eskubaloia","isPartOf":{"@id":"https:\/\/www.eibareskubaloia.eus\/eu\/#website"},"primaryImageOfPage":{"@id":"https:\/\/www.eibareskubaloia.eus\/eu\/eskubaloi-eskolako-bilera-irekia-reunion-informativa\/#primaryimage"},"image":{"@id":"https:\/\/www.eibareskubaloia.eus\/eu\/eskubaloi-eskolako-bilera-irekia-reunion-informativa\/#primaryimage"},"thumbnailUrl":"https:\/\/www.eibareskubaloia.eus\/wp-content\/uploads\/2022\/09\/Captura-de-Pantalla-2022-09-20-a-las-11.38.45.png","datePublished":"2022-09-20T09:39:18+00:00","dateModified":"2022-09-20T09:40:00+00:00","breadcrumb":{"@id":"https:\/\/www.eibareskubaloia.eus\/eu\/eskubaloi-eskolako-bilera-irekia-reunion-informativa\/#breadcrumb"},"inLanguage":"eu-ES","potentialAction":[{"@type":"ReadAction","target":["https:\/\/www.eibareskubaloia.eus\/eu\/eskubaloi-eskolako-bilera-irekia-reunion-informativa\/"]}]},{"@type":"ImageObject","inLanguage":"eu-ES","@id":"https:\/\/www.eibareskubaloia.eus\/eu\/eskubaloi-eskolako-bilera-irekia-reunion-informativa\/#primaryimage","url":"https:\/\/www.eibareskubaloia.eus\/wp-content\/uploads\/2022\/09\/Captura-de-Pantalla-2022-09-20-a-las-11.38.45.png","contentUrl":"https:\/\/www.eibareskubaloia.eus\/wp-content\/uploads\/2022\/09\/Captura-de-Pantalla-2022-09-20-a-las-11.38.45.png","width":1072,"height":1138},{"@type":"BreadcrumbList","@id":"https:\/\/www.eibareskubaloia.eus\/eu\/eskubaloi-eskolako-bilera-irekia-reunion-informativa\/#breadcrumb","itemListElement":[{"@type":"ListItem","position":1,"name":"Portada","item":"https:\/\/www.eibareskubaloia.eus\/eu\/"},{"@type":"ListItem","position":2,"name":"Eskubaloi eskolako bilera irekia- Reuni\u00f3n informativa"}]},{"@type":"WebSite","@id":"https:\/\/www.eibareskubaloia.eus\/eu\/#website","url":"https:\/\/www.eibareskubaloia.eus\/eu\/","name":"Web oficial del club Eibar Eskubaloia","description":"Web oficial del club de balonmano de Eibar","publisher":{"@id":"https:\/\/www.eibareskubaloia.eus\/eu\/#organization"},"potentialAction":[{"@type":"SearchAction","target":{"@type":"EntryPoint","urlTemplate":"https:\/\/www.eibareskubaloia.eus\/eu\/?s={search_term_string}"},"query-input":{"@type":"PropertyValueSpecification","valueRequired":true,"valueName":"search_term_string"}}],"inLanguage":"eu-ES"},{"@type":"Organization","@id":"https:\/\/www.eibareskubaloia.eus\/eu\/#organization","name":"Eibar Eskubaloia","url":"https:\/\/www.eibareskubaloia.eus\/eu\/","logo":{"@type":"ImageObject","inLanguage":"eu-ES","@id":"https:\/\/www.eibareskubaloia.eus\/eu\/#\/schema\/logo\/image\/","url":"https:\/\/www.eibareskubaloia.eus\/wp-content\/uploads\/2019\/02\/Eibarko-eskubaloia-imagenes-web-06.png","contentUrl":"https:\/\/www.eibareskubaloia.eus\/wp-content\/uploads\/2019\/02\/Eibarko-eskubaloia-imagenes-web-06.png","width":190,"height":65,"caption":"Eibar Eskubaloia"},"image":{"@id":"https:\/\/www.eibareskubaloia.eus\/eu\/#\/schema\/logo\/image\/"},"sameAs":["https:\/\/www.facebook.com\/eibar.eskubaloia","https:\/\/www.instagram.com\/eibareskubaloia\/"]},{"@type":"Person","@id":"https:\/\/www.eibareskubaloia.eus\/eu\/#\/schema\/person\/fc7eb84932fb578ef76caa14f085097e","name":"Eibar Eskubaloia","image":{"@type":"ImageObject","inLanguage":"eu-ES","@id":"https:\/\/secure.gravatar.com\/avatar\/1579ef6719cacc8def6aa4dc8e4bb2d6933882dddd4df02361841752a7b201a8?s=96&d=mm&r=g","url":"https:\/\/secure.gravatar.com\/avatar\/1579ef6719cacc8def6aa4dc8e4bb2d6933882dddd4df02361841752a7b201a8?s=96&d=mm&r=g","contentUrl":"https:\/\/secure.gravatar.com\/avatar\/1579ef6719cacc8def6aa4dc8e4bb2d6933882dddd4df02361841752a7b201a8?s=96&d=mm&r=g","caption":"Eibar Eskubaloia"},"sameAs":["http:\/\/Proyectos"]}]}},"_links":{"self":[{"href":"https:\/\/www.eibareskubaloia.eus\/eu\/wp-json\/wp\/v2\/posts\/5960","targetHints":{"allow":["GET"]}}],"collection":[{"href":"https:\/\/www.eibareskubaloia.eus\/eu\/wp-json\/wp\/v2\/posts"}],"about":[{"href":"https:\/\/www.eibareskubaloia.eus\/eu\/wp-json\/wp\/v2\/types\/post"}],"author":[{"embeddable":true,"href":"https:\/\/www.eibareskubaloia.eus\/eu\/wp-json\/wp\/v2\/users\/3"}],"replies":[{"embeddable":true,"href":"https:\/\/www.eibareskubaloia.eus\/eu\/wp-json\/wp\/v2\/comments?post=5960"}],"version-history":[{"count":0,"href":"https:\/\/www.eibareskubaloia.eus\/eu\/wp-json\/wp\/v2\/posts\/5960\/revisions"}],"wp:featuredmedia":[{"embeddable":true,"href":"https:\/\/www.eibareskubaloia.eus\/eu\/wp-json\/wp\/v2\/media\/5958"}],"wp:attachment":[{"href":"https:\/\/www.eibareskubaloia.eus\/eu\/wp-json\/wp\/v2\/media?parent=5960"}],"wp:term":[{"taxonomy":"category","embeddable":true,"href":"https:\/\/www.eibareskubaloia.eus\/eu\/wp-json\/wp\/v2\/categories?post=5960"},{"taxonomy":"post_tag","embeddable":true,"href":"https:\/\/www.eibareskubaloia.eus\/eu\/wp-json\/wp\/v2\/tags?post=5960"}],"curies":[{"name":"wp","href":"https:\/\/api.w.org\/{rel}","templated":true}]}}