{"id":3451,"date":"2020-09-10T11:20:10","date_gmt":"2020-09-10T09:20:10","guid":{"rendered":"https:\/\/www.eibareskubaloia.eus\/dos-de-dos\/"},"modified":"2020-09-10T11:40:28","modified_gmt":"2020-09-10T09:40:28","slug":"dos-de-dos","status":"publish","type":"post","link":"https:\/\/www.eibareskubaloia.eus\/eu\/dos-de-dos\/","title":{"rendered":"DOS DE DOS"},"content":{"rendered":"<p>Dos de dos para el Hierros Servando Eibar en la copa de Euskadi. Esta vez fue el Urduliz la victima de los de Fernando en Ipurua (29-24) y contin\u00faan con su puesta a punto de cara al inicio de liga. Ha resultado ser un duelo muy igualado en el que un parcial de 6-0 en la primera parte decanto la balanza para los locales. En el segundo acto, los armeros pudieron aguantar la ventaja y terminaron consiguiendo la segunda victoria consecutiva.<\/p>\n<p>El pr\u00f3ximo s\u00e1bado saldr\u00e1n a buscar la tercera, aunque no ser\u00e1 un trabajo f\u00e1cil. El s\u00e1bado a las 17 horas visitaran la pista del Urban Cabero Barakaldo, m\u00e1s concretamente en el polideportivo Lasesarre. Si consiguen la victoria los guipuzcoanos pasaran a semifinales donde les espera el gran equipo del Zarauz en la antesala de la final.<\/p>\n<p><img loading=\"lazy\" decoding=\"async\" class=\"alignnone size-medium wp-image-3448 aligncenter\" src=\"https:\/\/www.eibareskubaloia.eus\/wp-content\/uploads\/2020\/09\/IMG_0038-300x200.jpg\" alt=\"\" width=\"300\" height=\"200\" srcset=\"https:\/\/www.eibareskubaloia.eus\/wp-content\/uploads\/2020\/09\/IMG_0038-300x200.jpg 300w, https:\/\/www.eibareskubaloia.eus\/wp-content\/uploads\/2020\/09\/IMG_0038-1024x683.jpg 1024w, https:\/\/www.eibareskubaloia.eus\/wp-content\/uploads\/2020\/09\/IMG_0038-768x512.jpg 768w, https:\/\/www.eibareskubaloia.eus\/wp-content\/uploads\/2020\/09\/IMG_0038-1536x1024.jpg 1536w, https:\/\/www.eibareskubaloia.eus\/wp-content\/uploads\/2020\/09\/IMG_0038-2048x1365.jpg 2048w, https:\/\/www.eibareskubaloia.eus\/wp-content\/uploads\/2020\/09\/IMG_0038-128x85.jpg 128w, https:\/\/www.eibareskubaloia.eus\/wp-content\/uploads\/2020\/09\/IMG_0038-32x21.jpg 32w, https:\/\/www.eibareskubaloia.eus\/wp-content\/uploads\/2020\/09\/IMG_0038-280x187.jpg 280w, https:\/\/www.eibareskubaloia.eus\/wp-content\/uploads\/2020\/09\/IMG_0038-1250x833.jpg 1250w, https:\/\/www.eibareskubaloia.eus\/wp-content\/uploads\/2020\/09\/IMG_0038-600x400.jpg 600w\" sizes=\"auto, (max-width: 300px) 100vw, 300px\" \/><\/p>\n","protected":false},"excerpt":{"rendered":"<p>Dos de dos para el Hierros Servando Eibar en la copa de Euskadi. Esta vez fue el Urduliz la victima de los de Fernando en Ipurua (29-24) y contin\u00faan con su puesta a punto de cara al inicio de liga. Ha resultado ser un duelo muy igualado en el que un parcial de 6-0 en<\/p>\n","protected":false},"author":3,"featured_media":0,"comment_status":"closed","ping_status":"closed","sticky":false,"template":"","format":"standard","meta":{"footnotes":""},"categories":[103,51],"tags":[],"class_list":["post-3451","post","type-post","status-publish","format-standard","hentry","category-eibar-eskubaloia-eu","category-kategoria-gabe","prodpage-style3"],"yoast_head":"<!-- This site is optimized with the Yoast SEO plugin v27.4 - https:\/\/yoast.com\/product\/yoast-seo-wordpress\/ -->\n<title>DOS DE DOS - Eibar Eskubaloia<\/title>\n<meta name=\"robots\" content=\"index, follow, max-snippet:-1, max-image-preview:large, max-video-preview:-1\" \/>\n<link rel=\"canonical\" href=\"https:\/\/www.eibareskubaloia.eus\/eu\/dos-de-dos\/\" \/>\n<meta property=\"og:locale\" content=\"eu_ES\" \/>\n<meta property=\"og:type\" content=\"article\" \/>\n<meta property=\"og:title\" content=\"DOS DE DOS - Eibar Eskubaloia\" \/>\n<meta property=\"og:description\" content=\"Dos de dos para el Hierros Servando Eibar en la copa de Euskadi. Esta vez fue el Urduliz la victima de los de Fernando en Ipurua (29-24) y contin\u00faan con su puesta a punto de cara al inicio de liga. Ha resultado ser un duelo muy igualado en el que un parcial de 6-0 en\" \/>\n<meta property=\"og:url\" content=\"https:\/\/www.eibareskubaloia.eus\/eu\/dos-de-dos\/\" \/>\n<meta property=\"og:site_name\" content=\"Eibar Eskubaloia\" \/>\n<meta property=\"article:publisher\" content=\"https:\/\/www.facebook.com\/eibar.eskubaloia\" \/>\n<meta property=\"article:published_time\" content=\"2020-09-10T09:20:10+00:00\" \/>\n<meta property=\"article:modified_time\" content=\"2020-09-10T09:40:28+00:00\" \/>\n<meta property=\"og:image\" content=\"https:\/\/www.eibareskubaloia.eus\/wp-content\/uploads\/2020\/09\/IMG_0038-300x200.jpg\" \/>\n<meta name=\"author\" content=\"Eibar Eskubaloia\" \/>\n<meta name=\"twitter:card\" content=\"summary_large_image\" \/>\n<meta name=\"twitter:label1\" content=\"Written by\" \/>\n\t<meta name=\"twitter:data1\" content=\"Eibar Eskubaloia\" \/>\n\t<meta name=\"twitter:label2\" content=\"Est. reading time\" \/>\n\t<meta name=\"twitter:data2\" content=\"1 minute\" \/>\n<script type=\"application\/ld+json\" class=\"yoast-schema-graph\">{\"@context\":\"https:\\\/\\\/schema.org\",\"@graph\":[{\"@type\":\"Article\",\"@id\":\"https:\\\/\\\/www.eibareskubaloia.eus\\\/eu\\\/dos-de-dos\\\/#article\",\"isPartOf\":{\"@id\":\"https:\\\/\\\/www.eibareskubaloia.eus\\\/eu\\\/dos-de-dos\\\/\"},\"author\":{\"name\":\"Eibar Eskubaloia\",\"@id\":\"https:\\\/\\\/www.eibareskubaloia.eus\\\/eu\\\/#\\\/schema\\\/person\\\/fc7eb84932fb578ef76caa14f085097e\"},\"headline\":\"DOS DE DOS\",\"datePublished\":\"2020-09-10T09:20:10+00:00\",\"dateModified\":\"2020-09-10T09:40:28+00:00\",\"mainEntityOfPage\":{\"@id\":\"https:\\\/\\\/www.eibareskubaloia.eus\\\/eu\\\/dos-de-dos\\\/\"},\"wordCount\":146,\"publisher\":{\"@id\":\"https:\\\/\\\/www.eibareskubaloia.eus\\\/eu\\\/#organization\"},\"image\":{\"@id\":\"https:\\\/\\\/www.eibareskubaloia.eus\\\/eu\\\/dos-de-dos\\\/#primaryimage\"},\"thumbnailUrl\":\"https:\\\/\\\/www.eibareskubaloia.eus\\\/wp-content\\\/uploads\\\/2020\\\/09\\\/IMG_0038-300x200.jpg\",\"articleSection\":[\"EIBAR ESKUBALOIA\",\"Kategoria gabe\"],\"inLanguage\":\"eu-ES\"},{\"@type\":\"WebPage\",\"@id\":\"https:\\\/\\\/www.eibareskubaloia.eus\\\/eu\\\/dos-de-dos\\\/\",\"url\":\"https:\\\/\\\/www.eibareskubaloia.eus\\\/eu\\\/dos-de-dos\\\/\",\"name\":\"DOS DE DOS - Eibar Eskubaloia\",\"isPartOf\":{\"@id\":\"https:\\\/\\\/www.eibareskubaloia.eus\\\/eu\\\/#website\"},\"primaryImageOfPage\":{\"@id\":\"https:\\\/\\\/www.eibareskubaloia.eus\\\/eu\\\/dos-de-dos\\\/#primaryimage\"},\"image\":{\"@id\":\"https:\\\/\\\/www.eibareskubaloia.eus\\\/eu\\\/dos-de-dos\\\/#primaryimage\"},\"thumbnailUrl\":\"https:\\\/\\\/www.eibareskubaloia.eus\\\/wp-content\\\/uploads\\\/2020\\\/09\\\/IMG_0038-300x200.jpg\",\"datePublished\":\"2020-09-10T09:20:10+00:00\",\"dateModified\":\"2020-09-10T09:40:28+00:00\",\"breadcrumb\":{\"@id\":\"https:\\\/\\\/www.eibareskubaloia.eus\\\/eu\\\/dos-de-dos\\\/#breadcrumb\"},\"inLanguage\":\"eu-ES\",\"potentialAction\":[{\"@type\":\"ReadAction\",\"target\":[\"https:\\\/\\\/www.eibareskubaloia.eus\\\/eu\\\/dos-de-dos\\\/\"]}]},{\"@type\":\"ImageObject\",\"inLanguage\":\"eu-ES\",\"@id\":\"https:\\\/\\\/www.eibareskubaloia.eus\\\/eu\\\/dos-de-dos\\\/#primaryimage\",\"url\":\"https:\\\/\\\/www.eibareskubaloia.eus\\\/wp-content\\\/uploads\\\/2020\\\/09\\\/IMG_0038-300x200.jpg\",\"contentUrl\":\"https:\\\/\\\/www.eibareskubaloia.eus\\\/wp-content\\\/uploads\\\/2020\\\/09\\\/IMG_0038-300x200.jpg\"},{\"@type\":\"BreadcrumbList\",\"@id\":\"https:\\\/\\\/www.eibareskubaloia.eus\\\/eu\\\/dos-de-dos\\\/#breadcrumb\",\"itemListElement\":[{\"@type\":\"ListItem\",\"position\":1,\"name\":\"Portada\",\"item\":\"https:\\\/\\\/www.eibareskubaloia.eus\\\/eu\\\/\"},{\"@type\":\"ListItem\",\"position\":2,\"name\":\"DOS DE DOS\"}]},{\"@type\":\"WebSite\",\"@id\":\"https:\\\/\\\/www.eibareskubaloia.eus\\\/eu\\\/#website\",\"url\":\"https:\\\/\\\/www.eibareskubaloia.eus\\\/eu\\\/\",\"name\":\"Web oficial del club Eibar Eskubaloia\",\"description\":\"Web oficial del club de balonmano de Eibar\",\"publisher\":{\"@id\":\"https:\\\/\\\/www.eibareskubaloia.eus\\\/eu\\\/#organization\"},\"potentialAction\":[{\"@type\":\"SearchAction\",\"target\":{\"@type\":\"EntryPoint\",\"urlTemplate\":\"https:\\\/\\\/www.eibareskubaloia.eus\\\/eu\\\/?s={search_term_string}\"},\"query-input\":{\"@type\":\"PropertyValueSpecification\",\"valueRequired\":true,\"valueName\":\"search_term_string\"}}],\"inLanguage\":\"eu-ES\"},{\"@type\":\"Organization\",\"@id\":\"https:\\\/\\\/www.eibareskubaloia.eus\\\/eu\\\/#organization\",\"name\":\"Eibar Eskubaloia\",\"url\":\"https:\\\/\\\/www.eibareskubaloia.eus\\\/eu\\\/\",\"logo\":{\"@type\":\"ImageObject\",\"inLanguage\":\"eu-ES\",\"@id\":\"https:\\\/\\\/www.eibareskubaloia.eus\\\/eu\\\/#\\\/schema\\\/logo\\\/image\\\/\",\"url\":\"https:\\\/\\\/www.eibareskubaloia.eus\\\/wp-content\\\/uploads\\\/2019\\\/02\\\/Eibarko-eskubaloia-imagenes-web-06.png\",\"contentUrl\":\"https:\\\/\\\/www.eibareskubaloia.eus\\\/wp-content\\\/uploads\\\/2019\\\/02\\\/Eibarko-eskubaloia-imagenes-web-06.png\",\"width\":190,\"height\":65,\"caption\":\"Eibar Eskubaloia\"},\"image\":{\"@id\":\"https:\\\/\\\/www.eibareskubaloia.eus\\\/eu\\\/#\\\/schema\\\/logo\\\/image\\\/\"},\"sameAs\":[\"https:\\\/\\\/www.facebook.com\\\/eibar.eskubaloia\",\"https:\\\/\\\/www.instagram.com\\\/eibareskubaloia\\\/\"]},{\"@type\":\"Person\",\"@id\":\"https:\\\/\\\/www.eibareskubaloia.eus\\\/eu\\\/#\\\/schema\\\/person\\\/fc7eb84932fb578ef76caa14f085097e\",\"name\":\"Eibar Eskubaloia\",\"image\":{\"@type\":\"ImageObject\",\"inLanguage\":\"eu-ES\",\"@id\":\"https:\\\/\\\/secure.gravatar.com\\\/avatar\\\/1579ef6719cacc8def6aa4dc8e4bb2d6933882dddd4df02361841752a7b201a8?s=96&d=mm&r=g\",\"url\":\"https:\\\/\\\/secure.gravatar.com\\\/avatar\\\/1579ef6719cacc8def6aa4dc8e4bb2d6933882dddd4df02361841752a7b201a8?s=96&d=mm&r=g\",\"contentUrl\":\"https:\\\/\\\/secure.gravatar.com\\\/avatar\\\/1579ef6719cacc8def6aa4dc8e4bb2d6933882dddd4df02361841752a7b201a8?s=96&d=mm&r=g\",\"caption\":\"Eibar Eskubaloia\"},\"sameAs\":[\"http:\\\/\\\/Proyectos\"]}]}<\/script>\n<!-- \/ Yoast SEO plugin. -->","yoast_head_json":{"title":"DOS DE DOS - Eibar Eskubaloia","robots":{"index":"index","follow":"follow","max-snippet":"max-snippet:-1","max-image-preview":"max-image-preview:large","max-video-preview":"max-video-preview:-1"},"canonical":"https:\/\/www.eibareskubaloia.eus\/eu\/dos-de-dos\/","og_locale":"eu_ES","og_type":"article","og_title":"DOS DE DOS - Eibar Eskubaloia","og_description":"Dos de dos para el Hierros Servando Eibar en la copa de Euskadi. Esta vez fue el Urduliz la victima de los de Fernando en Ipurua (29-24) y contin\u00faan con su puesta a punto de cara al inicio de liga. Ha resultado ser un duelo muy igualado en el que un parcial de 6-0 en","og_url":"https:\/\/www.eibareskubaloia.eus\/eu\/dos-de-dos\/","og_site_name":"Eibar Eskubaloia","article_publisher":"https:\/\/www.facebook.com\/eibar.eskubaloia","article_published_time":"2020-09-10T09:20:10+00:00","article_modified_time":"2020-09-10T09:40:28+00:00","og_image":[{"url":"https:\/\/www.eibareskubaloia.eus\/wp-content\/uploads\/2020\/09\/IMG_0038-300x200.jpg","type":"","width":"","height":""}],"author":"Eibar Eskubaloia","twitter_card":"summary_large_image","twitter_misc":{"Written by":"Eibar Eskubaloia","Est. reading time":"1 minute"},"schema":{"@context":"https:\/\/schema.org","@graph":[{"@type":"Article","@id":"https:\/\/www.eibareskubaloia.eus\/eu\/dos-de-dos\/#article","isPartOf":{"@id":"https:\/\/www.eibareskubaloia.eus\/eu\/dos-de-dos\/"},"author":{"name":"Eibar Eskubaloia","@id":"https:\/\/www.eibareskubaloia.eus\/eu\/#\/schema\/person\/fc7eb84932fb578ef76caa14f085097e"},"headline":"DOS DE DOS","datePublished":"2020-09-10T09:20:10+00:00","dateModified":"2020-09-10T09:40:28+00:00","mainEntityOfPage":{"@id":"https:\/\/www.eibareskubaloia.eus\/eu\/dos-de-dos\/"},"wordCount":146,"publisher":{"@id":"https:\/\/www.eibareskubaloia.eus\/eu\/#organization"},"image":{"@id":"https:\/\/www.eibareskubaloia.eus\/eu\/dos-de-dos\/#primaryimage"},"thumbnailUrl":"https:\/\/www.eibareskubaloia.eus\/wp-content\/uploads\/2020\/09\/IMG_0038-300x200.jpg","articleSection":["EIBAR ESKUBALOIA","Kategoria gabe"],"inLanguage":"eu-ES"},{"@type":"WebPage","@id":"https:\/\/www.eibareskubaloia.eus\/eu\/dos-de-dos\/","url":"https:\/\/www.eibareskubaloia.eus\/eu\/dos-de-dos\/","name":"DOS DE DOS - Eibar Eskubaloia","isPartOf":{"@id":"https:\/\/www.eibareskubaloia.eus\/eu\/#website"},"primaryImageOfPage":{"@id":"https:\/\/www.eibareskubaloia.eus\/eu\/dos-de-dos\/#primaryimage"},"image":{"@id":"https:\/\/www.eibareskubaloia.eus\/eu\/dos-de-dos\/#primaryimage"},"thumbnailUrl":"https:\/\/www.eibareskubaloia.eus\/wp-content\/uploads\/2020\/09\/IMG_0038-300x200.jpg","datePublished":"2020-09-10T09:20:10+00:00","dateModified":"2020-09-10T09:40:28+00:00","breadcrumb":{"@id":"https:\/\/www.eibareskubaloia.eus\/eu\/dos-de-dos\/#breadcrumb"},"inLanguage":"eu-ES","potentialAction":[{"@type":"ReadAction","target":["https:\/\/www.eibareskubaloia.eus\/eu\/dos-de-dos\/"]}]},{"@type":"ImageObject","inLanguage":"eu-ES","@id":"https:\/\/www.eibareskubaloia.eus\/eu\/dos-de-dos\/#primaryimage","url":"https:\/\/www.eibareskubaloia.eus\/wp-content\/uploads\/2020\/09\/IMG_0038-300x200.jpg","contentUrl":"https:\/\/www.eibareskubaloia.eus\/wp-content\/uploads\/2020\/09\/IMG_0038-300x200.jpg"},{"@type":"BreadcrumbList","@id":"https:\/\/www.eibareskubaloia.eus\/eu\/dos-de-dos\/#breadcrumb","itemListElement":[{"@type":"ListItem","position":1,"name":"Portada","item":"https:\/\/www.eibareskubaloia.eus\/eu\/"},{"@type":"ListItem","position":2,"name":"DOS DE DOS"}]},{"@type":"WebSite","@id":"https:\/\/www.eibareskubaloia.eus\/eu\/#website","url":"https:\/\/www.eibareskubaloia.eus\/eu\/","name":"Web oficial del club Eibar Eskubaloia","description":"Web oficial del club de balonmano de Eibar","publisher":{"@id":"https:\/\/www.eibareskubaloia.eus\/eu\/#organization"},"potentialAction":[{"@type":"SearchAction","target":{"@type":"EntryPoint","urlTemplate":"https:\/\/www.eibareskubaloia.eus\/eu\/?s={search_term_string}"},"query-input":{"@type":"PropertyValueSpecification","valueRequired":true,"valueName":"search_term_string"}}],"inLanguage":"eu-ES"},{"@type":"Organization","@id":"https:\/\/www.eibareskubaloia.eus\/eu\/#organization","name":"Eibar Eskubaloia","url":"https:\/\/www.eibareskubaloia.eus\/eu\/","logo":{"@type":"ImageObject","inLanguage":"eu-ES","@id":"https:\/\/www.eibareskubaloia.eus\/eu\/#\/schema\/logo\/image\/","url":"https:\/\/www.eibareskubaloia.eus\/wp-content\/uploads\/2019\/02\/Eibarko-eskubaloia-imagenes-web-06.png","contentUrl":"https:\/\/www.eibareskubaloia.eus\/wp-content\/uploads\/2019\/02\/Eibarko-eskubaloia-imagenes-web-06.png","width":190,"height":65,"caption":"Eibar Eskubaloia"},"image":{"@id":"https:\/\/www.eibareskubaloia.eus\/eu\/#\/schema\/logo\/image\/"},"sameAs":["https:\/\/www.facebook.com\/eibar.eskubaloia","https:\/\/www.instagram.com\/eibareskubaloia\/"]},{"@type":"Person","@id":"https:\/\/www.eibareskubaloia.eus\/eu\/#\/schema\/person\/fc7eb84932fb578ef76caa14f085097e","name":"Eibar Eskubaloia","image":{"@type":"ImageObject","inLanguage":"eu-ES","@id":"https:\/\/secure.gravatar.com\/avatar\/1579ef6719cacc8def6aa4dc8e4bb2d6933882dddd4df02361841752a7b201a8?s=96&d=mm&r=g","url":"https:\/\/secure.gravatar.com\/avatar\/1579ef6719cacc8def6aa4dc8e4bb2d6933882dddd4df02361841752a7b201a8?s=96&d=mm&r=g","contentUrl":"https:\/\/secure.gravatar.com\/avatar\/1579ef6719cacc8def6aa4dc8e4bb2d6933882dddd4df02361841752a7b201a8?s=96&d=mm&r=g","caption":"Eibar Eskubaloia"},"sameAs":["http:\/\/Proyectos"]}]}},"_links":{"self":[{"href":"https:\/\/www.eibareskubaloia.eus\/eu\/wp-json\/wp\/v2\/posts\/3451","targetHints":{"allow":["GET"]}}],"collection":[{"href":"https:\/\/www.eibareskubaloia.eus\/eu\/wp-json\/wp\/v2\/posts"}],"about":[{"href":"https:\/\/www.eibareskubaloia.eus\/eu\/wp-json\/wp\/v2\/types\/post"}],"author":[{"embeddable":true,"href":"https:\/\/www.eibareskubaloia.eus\/eu\/wp-json\/wp\/v2\/users\/3"}],"replies":[{"embeddable":true,"href":"https:\/\/www.eibareskubaloia.eus\/eu\/wp-json\/wp\/v2\/comments?post=3451"}],"version-history":[{"count":0,"href":"https:\/\/www.eibareskubaloia.eus\/eu\/wp-json\/wp\/v2\/posts\/3451\/revisions"}],"wp:attachment":[{"href":"https:\/\/www.eibareskubaloia.eus\/eu\/wp-json\/wp\/v2\/media?parent=3451"}],"wp:term":[{"taxonomy":"category","embeddable":true,"href":"https:\/\/www.eibareskubaloia.eus\/eu\/wp-json\/wp\/v2\/categories?post=3451"},{"taxonomy":"post_tag","embeddable":true,"href":"https:\/\/www.eibareskubaloia.eus\/eu\/wp-json\/wp\/v2\/tags?post=3451"}],"curies":[{"name":"wp","href":"https:\/\/api.w.org\/{rel}","templated":true}]}}