{"id":2275,"date":"2019-10-25T11:59:02","date_gmt":"2019-10-25T09:59:02","guid":{"rendered":"https:\/\/www.eibareskubaloia.eus\/?p=2275"},"modified":"2019-10-25T16:35:33","modified_gmt":"2019-10-25T14:35:33","slug":"euskal-selekzioaren-deialdiak","status":"publish","type":"post","link":"https:\/\/www.eibareskubaloia.eus\/eu\/euskal-selekzioaren-deialdiak\/","title":{"rendered":"Euskal Selekzioaren deialdiak"},"content":{"rendered":"<div class=\"\" data-block=\"true\" data-editor=\"epnmg\" data-offset-key=\"9b1pr-0-0\">\n<div class=\"_1mf _1mj\" data-offset-key=\"9b1pr-0-0\">\n<div class=\"\" data-block=\"true\" data-editor=\"40n9e\" data-offset-key=\"ei2lv-0-0\">\n<div class=\"_1mf _1mj\" data-offset-key=\"ei2lv-0-0\"><span class=\"_5zk7\" spellcheck=\"false\" data-offset-key=\"ei2lv-0-0\"><span data-offset-key=\"ei2lv-0-0\">#deialdia<\/span><\/span> <span class=\"_5zk7\" spellcheck=\"false\" data-offset-key=\"ei2lv-2-0\"><span data-offset-key=\"ei2lv-2-0\">#convocatoria<\/span><\/span><\/div>\n<\/div>\n<div class=\"\" data-block=\"true\" data-editor=\"40n9e\" data-offset-key=\"8iujm-0-0\">\n<div class=\"_1mf _1mj\" data-offset-key=\"8iujm-0-0\"><span data-offset-key=\"8iujm-0-0\">\u00a0<\/span><\/div>\n<\/div>\n<div class=\"\" data-block=\"true\" data-editor=\"40n9e\" data-offset-key=\"335qd-0-0\">\n<div class=\"_1mf _1mj\" data-offset-key=\"335qd-0-0\"><span class=\"_3gl1 _5zz4\" data-offset-key=\"335qd-0-0\"><span class=\"_ncl\"><span data-offset-key=\"335qd-0-0\">?<\/span><\/span><\/span><span data-offset-key=\"335qd-1-0\">Estos son los jugadores convocados por la Selecci\u00f3n de Euskadi<\/span><\/div>\n<\/div>\n<div class=\"\" data-block=\"true\" data-editor=\"40n9e\" data-offset-key=\"en1fs-0-0\">\n<div class=\"_1mf _1mj\" data-offset-key=\"en1fs-0-0\"><span data-offset-key=\"en1fs-0-0\">\u00a0<\/span><\/div>\n<\/div>\n<div class=\"\" data-block=\"true\" data-editor=\"40n9e\" data-offset-key=\"dpvb2-0-0\">\n<div class=\"_1mf _1mj\" data-offset-key=\"dpvb2-0-0\"><span class=\"_3gl1 _5zz4\" data-offset-key=\"dpvb2-0-0\"><span class=\"_ncl\"><span data-offset-key=\"dpvb2-0-0\">?<\/span><\/span><\/span><span data-offset-key=\"dpvb2-1-0\">Hauek dira Euskal Selekzioaren deialdian sartu diren jokalariak<\/span><\/div>\n<\/div>\n<div class=\"\" data-block=\"true\" data-editor=\"40n9e\" data-offset-key=\"f9uqm-0-0\">\n<div class=\"_1mf _1mj\" data-offset-key=\"f9uqm-0-0\"><span data-offset-key=\"f9uqm-0-0\">\u00a0<\/span><\/div>\n<\/div>\n<div class=\"\" data-block=\"true\" data-editor=\"40n9e\" data-offset-key=\"ffc00-0-0\">\n<div class=\"_1mf _1mj\" data-offset-key=\"ffc00-0-0\"><span class=\"_3gl1 _5zz4\" data-offset-key=\"ffc00-0-0\"><span class=\"_ncl\"><span data-offset-key=\"ffc00-0-0\">?<\/span><\/span><\/span><span data-offset-key=\"ffc00-1-0\">ANDONI YARZA Somos Eskubaloia<\/span><\/div>\n<\/div>\n<div class=\"\" data-block=\"true\" data-editor=\"40n9e\" data-offset-key=\"6ejoi-0-0\">\n<div class=\"_1mf _1mj\" data-offset-key=\"6ejoi-0-0\"><span class=\"_3gl1 _5zz4\" data-offset-key=\"6ejoi-0-0\"><span class=\"_ncl\"><span data-offset-key=\"6ejoi-0-0\">?<\/span><\/span><\/span><span data-offset-key=\"6ejoi-1-0\">JOKIN AJA Juvenil Tekniker<\/span><\/div>\n<\/div>\n<div class=\"\" data-block=\"true\" data-editor=\"40n9e\" data-offset-key=\"4m15v-0-0\">\n<div class=\"_1mf _1mj\" data-offset-key=\"4m15v-0-0\"><span class=\"_3gl1 _5zz4\" data-offset-key=\"4m15v-0-0\"><span class=\"_ncl\"><span data-offset-key=\"4m15v-0-0\">?<\/span><\/span><\/span><span data-offset-key=\"4m15v-1-0\">MARKEL VALENCIANO Cadete Tekniker<\/span><\/div>\n<\/div>\n<div class=\"\" data-block=\"true\" data-editor=\"40n9e\" data-offset-key=\"23j2u-0-0\">\n<div class=\"_1mf _1mj\" data-offset-key=\"23j2u-0-0\"><span class=\"_3gl1 _5zz4\" data-offset-key=\"23j2u-0-0\"><span class=\"_ncl\"><span data-offset-key=\"23j2u-0-0\">?<\/span><\/span><\/span><span data-offset-key=\"23j2u-1-0\">LEIRE TREVI\u00d1O Cadete Grupo Mecalbe<\/span><\/div>\n<\/div>\n<div class=\"\" data-block=\"true\" data-editor=\"40n9e\" data-offset-key=\"c9hbl-0-0\">\n<div class=\"_1mf _1mj\" data-offset-key=\"c9hbl-0-0\"><span class=\"_3gl1 _5zz4\" data-offset-key=\"c9hbl-0-0\"><span class=\"_ncl\"><span data-offset-key=\"c9hbl-0-0\">?<\/span><\/span><\/span><span data-offset-key=\"c9hbl-1-0\">LUC\u00cdA GUTI\u00c9RREZ Cadete Grupo Mecalbe<\/span><\/div>\n<\/div>\n<div class=\"\" data-block=\"true\" data-editor=\"40n9e\" data-offset-key=\"96ilf-0-0\">\n<div class=\"_1mf _1mj\" data-offset-key=\"96ilf-0-0\"><span class=\"_3gl1 _5zz4\" data-offset-key=\"96ilf-0-0\"><span class=\"_ncl\"><span data-offset-key=\"96ilf-0-0\">?<\/span><\/span><\/span><span data-offset-key=\"96ilf-1-0\">BERNART ABAD Infantil Hierros Servando<\/span><\/div>\n<\/div>\n<div class=\"\" data-block=\"true\" data-editor=\"40n9e\" data-offset-key=\"cnjm0-0-0\">\n<div class=\"_1mf _1mj\" data-offset-key=\"cnjm0-0-0\"><span data-offset-key=\"cnjm0-0-0\">\u00a0<\/span><\/div>\n<\/div>\n<div class=\"\" data-block=\"true\" data-editor=\"40n9e\" data-offset-key=\"61duk-0-0\">\n<div class=\"_1mf _1mj\" data-offset-key=\"61duk-0-0\"><span class=\"_5zk7\" spellcheck=\"false\" data-offset-key=\"61duk-0-0\"><span data-offset-key=\"61duk-0-0\">#EuskalSelekzioa<\/span><\/span><\/div>\n<\/div>\n<\/div>\n<\/div>\n<div data-offset-key=\"4k2li-0-0\"><\/div>\n<div data-offset-key=\"4k2li-0-0\"><img loading=\"lazy\" decoding=\"async\" class=\"alignnone size-medium wp-image-2282 aligncenter\" src=\"https:\/\/www.eibareskubaloia.eus\/wp-content\/uploads\/2019\/10\/convocatoria-1-300x300.jpg\" alt=\"\" width=\"300\" height=\"300\" \/><\/div>\n","protected":false},"excerpt":{"rendered":"<p>#deialdia #convocatoria \u00a0 ?Estos son los jugadores convocados por la Selecci\u00f3n de Euskadi \u00a0 ?Hauek dira Euskal Selekzioaren deialdian sartu diren jokalariak \u00a0 ?ANDONI YARZA Somos Eskubaloia ?JOKIN AJA Juvenil Tekniker ?MARKEL VALENCIANO Cadete Tekniker ?LEIRE TREVI\u00d1O Cadete Grupo Mecalbe ?LUC\u00cdA GUTI\u00c9RREZ Cadete Grupo Mecalbe ?BERNART ABAD Infantil Hierros Servando \u00a0 #EuskalSelekzioa<\/p>\n","protected":false},"author":3,"featured_media":0,"comment_status":"open","ping_status":"closed","sticky":false,"template":"","format":"standard","meta":{"footnotes":""},"categories":[100,51,115],"tags":[],"class_list":["post-2275","post","type-post","status-publish","format-standard","hentry","category-kantera","category-kategoria-gabe","category-selekzioa","prodpage-style3"],"yoast_head":"<!-- This site is optimized with the Yoast SEO plugin v27.4 - https:\/\/yoast.com\/product\/yoast-seo-wordpress\/ -->\n<title>Euskal Selekzioaren deialdiak - Eibar Eskubaloia<\/title>\n<meta name=\"robots\" content=\"index, follow, max-snippet:-1, max-image-preview:large, max-video-preview:-1\" \/>\n<link rel=\"canonical\" href=\"https:\/\/www.eibareskubaloia.eus\/eu\/euskal-selekzioaren-deialdiak\/\" \/>\n<meta property=\"og:locale\" content=\"eu_ES\" \/>\n<meta property=\"og:type\" content=\"article\" \/>\n<meta property=\"og:title\" content=\"Euskal Selekzioaren deialdiak - Eibar Eskubaloia\" \/>\n<meta property=\"og:description\" content=\"#deialdia #convocatoria \u00a0 ?Estos son los jugadores convocados por la Selecci\u00f3n de Euskadi \u00a0 ?Hauek dira Euskal Selekzioaren deialdian sartu diren jokalariak \u00a0 ?ANDONI YARZA Somos Eskubaloia ?JOKIN AJA Juvenil Tekniker ?MARKEL VALENCIANO Cadete Tekniker ?LEIRE TREVI\u00d1O Cadete Grupo Mecalbe ?LUC\u00cdA GUTI\u00c9RREZ Cadete Grupo Mecalbe ?BERNART ABAD Infantil Hierros Servando \u00a0 #EuskalSelekzioa\" \/>\n<meta property=\"og:url\" content=\"https:\/\/www.eibareskubaloia.eus\/eu\/euskal-selekzioaren-deialdiak\/\" \/>\n<meta property=\"og:site_name\" content=\"Eibar Eskubaloia\" \/>\n<meta property=\"article:publisher\" content=\"https:\/\/www.facebook.com\/eibar.eskubaloia\" \/>\n<meta property=\"article:published_time\" content=\"2019-10-25T09:59:02+00:00\" \/>\n<meta property=\"article:modified_time\" content=\"2019-10-25T14:35:33+00:00\" \/>\n<meta property=\"og:image\" content=\"https:\/\/www.eibareskubaloia.eus\/wp-content\/uploads\/2019\/10\/convocatoria-1-300x300.jpg\" \/>\n<meta name=\"author\" content=\"Eibar Eskubaloia\" \/>\n<meta name=\"twitter:card\" content=\"summary_large_image\" \/>\n<meta name=\"twitter:label1\" content=\"Written by\" \/>\n\t<meta name=\"twitter:data1\" content=\"Eibar Eskubaloia\" \/>\n<script type=\"application\/ld+json\" class=\"yoast-schema-graph\">{\"@context\":\"https:\\\/\\\/schema.org\",\"@graph\":[{\"@type\":\"Article\",\"@id\":\"https:\\\/\\\/www.eibareskubaloia.eus\\\/eu\\\/euskal-selekzioaren-deialdiak\\\/#article\",\"isPartOf\":{\"@id\":\"https:\\\/\\\/www.eibareskubaloia.eus\\\/eu\\\/euskal-selekzioaren-deialdiak\\\/\"},\"author\":{\"name\":\"Eibar Eskubaloia\",\"@id\":\"https:\\\/\\\/www.eibareskubaloia.eus\\\/eu\\\/#\\\/schema\\\/person\\\/fc7eb84932fb578ef76caa14f085097e\"},\"headline\":\"Euskal Selekzioaren deialdiak\",\"datePublished\":\"2019-10-25T09:59:02+00:00\",\"dateModified\":\"2019-10-25T14:35:33+00:00\",\"mainEntityOfPage\":{\"@id\":\"https:\\\/\\\/www.eibareskubaloia.eus\\\/eu\\\/euskal-selekzioaren-deialdiak\\\/\"},\"wordCount\":55,\"commentCount\":0,\"publisher\":{\"@id\":\"https:\\\/\\\/www.eibareskubaloia.eus\\\/eu\\\/#organization\"},\"image\":{\"@id\":\"https:\\\/\\\/www.eibareskubaloia.eus\\\/eu\\\/euskal-selekzioaren-deialdiak\\\/#primaryimage\"},\"thumbnailUrl\":\"https:\\\/\\\/www.eibareskubaloia.eus\\\/wp-content\\\/uploads\\\/2019\\\/10\\\/convocatoria-1-300x300.jpg\",\"articleSection\":[\"KANTERA\",\"Kategoria gabe\",\"SELEKZIOA\"],\"inLanguage\":\"eu-ES\",\"potentialAction\":[{\"@type\":\"CommentAction\",\"name\":\"Comment\",\"target\":[\"https:\\\/\\\/www.eibareskubaloia.eus\\\/eu\\\/euskal-selekzioaren-deialdiak\\\/#respond\"]}]},{\"@type\":\"WebPage\",\"@id\":\"https:\\\/\\\/www.eibareskubaloia.eus\\\/eu\\\/euskal-selekzioaren-deialdiak\\\/\",\"url\":\"https:\\\/\\\/www.eibareskubaloia.eus\\\/eu\\\/euskal-selekzioaren-deialdiak\\\/\",\"name\":\"Euskal Selekzioaren deialdiak - Eibar Eskubaloia\",\"isPartOf\":{\"@id\":\"https:\\\/\\\/www.eibareskubaloia.eus\\\/eu\\\/#website\"},\"primaryImageOfPage\":{\"@id\":\"https:\\\/\\\/www.eibareskubaloia.eus\\\/eu\\\/euskal-selekzioaren-deialdiak\\\/#primaryimage\"},\"image\":{\"@id\":\"https:\\\/\\\/www.eibareskubaloia.eus\\\/eu\\\/euskal-selekzioaren-deialdiak\\\/#primaryimage\"},\"thumbnailUrl\":\"https:\\\/\\\/www.eibareskubaloia.eus\\\/wp-content\\\/uploads\\\/2019\\\/10\\\/convocatoria-1-300x300.jpg\",\"datePublished\":\"2019-10-25T09:59:02+00:00\",\"dateModified\":\"2019-10-25T14:35:33+00:00\",\"breadcrumb\":{\"@id\":\"https:\\\/\\\/www.eibareskubaloia.eus\\\/eu\\\/euskal-selekzioaren-deialdiak\\\/#breadcrumb\"},\"inLanguage\":\"eu-ES\",\"potentialAction\":[{\"@type\":\"ReadAction\",\"target\":[\"https:\\\/\\\/www.eibareskubaloia.eus\\\/eu\\\/euskal-selekzioaren-deialdiak\\\/\"]}]},{\"@type\":\"ImageObject\",\"inLanguage\":\"eu-ES\",\"@id\":\"https:\\\/\\\/www.eibareskubaloia.eus\\\/eu\\\/euskal-selekzioaren-deialdiak\\\/#primaryimage\",\"url\":\"https:\\\/\\\/www.eibareskubaloia.eus\\\/wp-content\\\/uploads\\\/2019\\\/10\\\/convocatoria-1-300x300.jpg\",\"contentUrl\":\"https:\\\/\\\/www.eibareskubaloia.eus\\\/wp-content\\\/uploads\\\/2019\\\/10\\\/convocatoria-1-300x300.jpg\"},{\"@type\":\"BreadcrumbList\",\"@id\":\"https:\\\/\\\/www.eibareskubaloia.eus\\\/eu\\\/euskal-selekzioaren-deialdiak\\\/#breadcrumb\",\"itemListElement\":[{\"@type\":\"ListItem\",\"position\":1,\"name\":\"Portada\",\"item\":\"https:\\\/\\\/www.eibareskubaloia.eus\\\/eu\\\/\"},{\"@type\":\"ListItem\",\"position\":2,\"name\":\"Euskal Selekzioaren deialdiak\"}]},{\"@type\":\"WebSite\",\"@id\":\"https:\\\/\\\/www.eibareskubaloia.eus\\\/eu\\\/#website\",\"url\":\"https:\\\/\\\/www.eibareskubaloia.eus\\\/eu\\\/\",\"name\":\"Web oficial del club Eibar Eskubaloia\",\"description\":\"Web oficial del club de balonmano de Eibar\",\"publisher\":{\"@id\":\"https:\\\/\\\/www.eibareskubaloia.eus\\\/eu\\\/#organization\"},\"potentialAction\":[{\"@type\":\"SearchAction\",\"target\":{\"@type\":\"EntryPoint\",\"urlTemplate\":\"https:\\\/\\\/www.eibareskubaloia.eus\\\/eu\\\/?s={search_term_string}\"},\"query-input\":{\"@type\":\"PropertyValueSpecification\",\"valueRequired\":true,\"valueName\":\"search_term_string\"}}],\"inLanguage\":\"eu-ES\"},{\"@type\":\"Organization\",\"@id\":\"https:\\\/\\\/www.eibareskubaloia.eus\\\/eu\\\/#organization\",\"name\":\"Eibar Eskubaloia\",\"url\":\"https:\\\/\\\/www.eibareskubaloia.eus\\\/eu\\\/\",\"logo\":{\"@type\":\"ImageObject\",\"inLanguage\":\"eu-ES\",\"@id\":\"https:\\\/\\\/www.eibareskubaloia.eus\\\/eu\\\/#\\\/schema\\\/logo\\\/image\\\/\",\"url\":\"https:\\\/\\\/www.eibareskubaloia.eus\\\/wp-content\\\/uploads\\\/2019\\\/02\\\/Eibarko-eskubaloia-imagenes-web-06.png\",\"contentUrl\":\"https:\\\/\\\/www.eibareskubaloia.eus\\\/wp-content\\\/uploads\\\/2019\\\/02\\\/Eibarko-eskubaloia-imagenes-web-06.png\",\"width\":190,\"height\":65,\"caption\":\"Eibar Eskubaloia\"},\"image\":{\"@id\":\"https:\\\/\\\/www.eibareskubaloia.eus\\\/eu\\\/#\\\/schema\\\/logo\\\/image\\\/\"},\"sameAs\":[\"https:\\\/\\\/www.facebook.com\\\/eibar.eskubaloia\",\"https:\\\/\\\/www.instagram.com\\\/eibareskubaloia\\\/\"]},{\"@type\":\"Person\",\"@id\":\"https:\\\/\\\/www.eibareskubaloia.eus\\\/eu\\\/#\\\/schema\\\/person\\\/fc7eb84932fb578ef76caa14f085097e\",\"name\":\"Eibar Eskubaloia\",\"image\":{\"@type\":\"ImageObject\",\"inLanguage\":\"eu-ES\",\"@id\":\"https:\\\/\\\/secure.gravatar.com\\\/avatar\\\/1579ef6719cacc8def6aa4dc8e4bb2d6933882dddd4df02361841752a7b201a8?s=96&d=mm&r=g\",\"url\":\"https:\\\/\\\/secure.gravatar.com\\\/avatar\\\/1579ef6719cacc8def6aa4dc8e4bb2d6933882dddd4df02361841752a7b201a8?s=96&d=mm&r=g\",\"contentUrl\":\"https:\\\/\\\/secure.gravatar.com\\\/avatar\\\/1579ef6719cacc8def6aa4dc8e4bb2d6933882dddd4df02361841752a7b201a8?s=96&d=mm&r=g\",\"caption\":\"Eibar Eskubaloia\"},\"sameAs\":[\"http:\\\/\\\/Proyectos\"]}]}<\/script>\n<!-- \/ Yoast SEO plugin. -->","yoast_head_json":{"title":"Euskal Selekzioaren deialdiak - Eibar Eskubaloia","robots":{"index":"index","follow":"follow","max-snippet":"max-snippet:-1","max-image-preview":"max-image-preview:large","max-video-preview":"max-video-preview:-1"},"canonical":"https:\/\/www.eibareskubaloia.eus\/eu\/euskal-selekzioaren-deialdiak\/","og_locale":"eu_ES","og_type":"article","og_title":"Euskal Selekzioaren deialdiak - Eibar Eskubaloia","og_description":"#deialdia #convocatoria \u00a0 ?Estos son los jugadores convocados por la Selecci\u00f3n de Euskadi \u00a0 ?Hauek dira Euskal Selekzioaren deialdian sartu diren jokalariak \u00a0 ?ANDONI YARZA Somos Eskubaloia ?JOKIN AJA Juvenil Tekniker ?MARKEL VALENCIANO Cadete Tekniker ?LEIRE TREVI\u00d1O Cadete Grupo Mecalbe ?LUC\u00cdA GUTI\u00c9RREZ Cadete Grupo Mecalbe ?BERNART ABAD Infantil Hierros Servando \u00a0 #EuskalSelekzioa","og_url":"https:\/\/www.eibareskubaloia.eus\/eu\/euskal-selekzioaren-deialdiak\/","og_site_name":"Eibar Eskubaloia","article_publisher":"https:\/\/www.facebook.com\/eibar.eskubaloia","article_published_time":"2019-10-25T09:59:02+00:00","article_modified_time":"2019-10-25T14:35:33+00:00","og_image":[{"url":"https:\/\/www.eibareskubaloia.eus\/wp-content\/uploads\/2019\/10\/convocatoria-1-300x300.jpg","type":"","width":"","height":""}],"author":"Eibar Eskubaloia","twitter_card":"summary_large_image","twitter_misc":{"Written by":"Eibar Eskubaloia"},"schema":{"@context":"https:\/\/schema.org","@graph":[{"@type":"Article","@id":"https:\/\/www.eibareskubaloia.eus\/eu\/euskal-selekzioaren-deialdiak\/#article","isPartOf":{"@id":"https:\/\/www.eibareskubaloia.eus\/eu\/euskal-selekzioaren-deialdiak\/"},"author":{"name":"Eibar Eskubaloia","@id":"https:\/\/www.eibareskubaloia.eus\/eu\/#\/schema\/person\/fc7eb84932fb578ef76caa14f085097e"},"headline":"Euskal Selekzioaren deialdiak","datePublished":"2019-10-25T09:59:02+00:00","dateModified":"2019-10-25T14:35:33+00:00","mainEntityOfPage":{"@id":"https:\/\/www.eibareskubaloia.eus\/eu\/euskal-selekzioaren-deialdiak\/"},"wordCount":55,"commentCount":0,"publisher":{"@id":"https:\/\/www.eibareskubaloia.eus\/eu\/#organization"},"image":{"@id":"https:\/\/www.eibareskubaloia.eus\/eu\/euskal-selekzioaren-deialdiak\/#primaryimage"},"thumbnailUrl":"https:\/\/www.eibareskubaloia.eus\/wp-content\/uploads\/2019\/10\/convocatoria-1-300x300.jpg","articleSection":["KANTERA","Kategoria gabe","SELEKZIOA"],"inLanguage":"eu-ES","potentialAction":[{"@type":"CommentAction","name":"Comment","target":["https:\/\/www.eibareskubaloia.eus\/eu\/euskal-selekzioaren-deialdiak\/#respond"]}]},{"@type":"WebPage","@id":"https:\/\/www.eibareskubaloia.eus\/eu\/euskal-selekzioaren-deialdiak\/","url":"https:\/\/www.eibareskubaloia.eus\/eu\/euskal-selekzioaren-deialdiak\/","name":"Euskal Selekzioaren deialdiak - Eibar Eskubaloia","isPartOf":{"@id":"https:\/\/www.eibareskubaloia.eus\/eu\/#website"},"primaryImageOfPage":{"@id":"https:\/\/www.eibareskubaloia.eus\/eu\/euskal-selekzioaren-deialdiak\/#primaryimage"},"image":{"@id":"https:\/\/www.eibareskubaloia.eus\/eu\/euskal-selekzioaren-deialdiak\/#primaryimage"},"thumbnailUrl":"https:\/\/www.eibareskubaloia.eus\/wp-content\/uploads\/2019\/10\/convocatoria-1-300x300.jpg","datePublished":"2019-10-25T09:59:02+00:00","dateModified":"2019-10-25T14:35:33+00:00","breadcrumb":{"@id":"https:\/\/www.eibareskubaloia.eus\/eu\/euskal-selekzioaren-deialdiak\/#breadcrumb"},"inLanguage":"eu-ES","potentialAction":[{"@type":"ReadAction","target":["https:\/\/www.eibareskubaloia.eus\/eu\/euskal-selekzioaren-deialdiak\/"]}]},{"@type":"ImageObject","inLanguage":"eu-ES","@id":"https:\/\/www.eibareskubaloia.eus\/eu\/euskal-selekzioaren-deialdiak\/#primaryimage","url":"https:\/\/www.eibareskubaloia.eus\/wp-content\/uploads\/2019\/10\/convocatoria-1-300x300.jpg","contentUrl":"https:\/\/www.eibareskubaloia.eus\/wp-content\/uploads\/2019\/10\/convocatoria-1-300x300.jpg"},{"@type":"BreadcrumbList","@id":"https:\/\/www.eibareskubaloia.eus\/eu\/euskal-selekzioaren-deialdiak\/#breadcrumb","itemListElement":[{"@type":"ListItem","position":1,"name":"Portada","item":"https:\/\/www.eibareskubaloia.eus\/eu\/"},{"@type":"ListItem","position":2,"name":"Euskal Selekzioaren deialdiak"}]},{"@type":"WebSite","@id":"https:\/\/www.eibareskubaloia.eus\/eu\/#website","url":"https:\/\/www.eibareskubaloia.eus\/eu\/","name":"Web oficial del club Eibar Eskubaloia","description":"Web oficial del club de balonmano de Eibar","publisher":{"@id":"https:\/\/www.eibareskubaloia.eus\/eu\/#organization"},"potentialAction":[{"@type":"SearchAction","target":{"@type":"EntryPoint","urlTemplate":"https:\/\/www.eibareskubaloia.eus\/eu\/?s={search_term_string}"},"query-input":{"@type":"PropertyValueSpecification","valueRequired":true,"valueName":"search_term_string"}}],"inLanguage":"eu-ES"},{"@type":"Organization","@id":"https:\/\/www.eibareskubaloia.eus\/eu\/#organization","name":"Eibar Eskubaloia","url":"https:\/\/www.eibareskubaloia.eus\/eu\/","logo":{"@type":"ImageObject","inLanguage":"eu-ES","@id":"https:\/\/www.eibareskubaloia.eus\/eu\/#\/schema\/logo\/image\/","url":"https:\/\/www.eibareskubaloia.eus\/wp-content\/uploads\/2019\/02\/Eibarko-eskubaloia-imagenes-web-06.png","contentUrl":"https:\/\/www.eibareskubaloia.eus\/wp-content\/uploads\/2019\/02\/Eibarko-eskubaloia-imagenes-web-06.png","width":190,"height":65,"caption":"Eibar Eskubaloia"},"image":{"@id":"https:\/\/www.eibareskubaloia.eus\/eu\/#\/schema\/logo\/image\/"},"sameAs":["https:\/\/www.facebook.com\/eibar.eskubaloia","https:\/\/www.instagram.com\/eibareskubaloia\/"]},{"@type":"Person","@id":"https:\/\/www.eibareskubaloia.eus\/eu\/#\/schema\/person\/fc7eb84932fb578ef76caa14f085097e","name":"Eibar Eskubaloia","image":{"@type":"ImageObject","inLanguage":"eu-ES","@id":"https:\/\/secure.gravatar.com\/avatar\/1579ef6719cacc8def6aa4dc8e4bb2d6933882dddd4df02361841752a7b201a8?s=96&d=mm&r=g","url":"https:\/\/secure.gravatar.com\/avatar\/1579ef6719cacc8def6aa4dc8e4bb2d6933882dddd4df02361841752a7b201a8?s=96&d=mm&r=g","contentUrl":"https:\/\/secure.gravatar.com\/avatar\/1579ef6719cacc8def6aa4dc8e4bb2d6933882dddd4df02361841752a7b201a8?s=96&d=mm&r=g","caption":"Eibar Eskubaloia"},"sameAs":["http:\/\/Proyectos"]}]}},"_links":{"self":[{"href":"https:\/\/www.eibareskubaloia.eus\/eu\/wp-json\/wp\/v2\/posts\/2275","targetHints":{"allow":["GET"]}}],"collection":[{"href":"https:\/\/www.eibareskubaloia.eus\/eu\/wp-json\/wp\/v2\/posts"}],"about":[{"href":"https:\/\/www.eibareskubaloia.eus\/eu\/wp-json\/wp\/v2\/types\/post"}],"author":[{"embeddable":true,"href":"https:\/\/www.eibareskubaloia.eus\/eu\/wp-json\/wp\/v2\/users\/3"}],"replies":[{"embeddable":true,"href":"https:\/\/www.eibareskubaloia.eus\/eu\/wp-json\/wp\/v2\/comments?post=2275"}],"version-history":[{"count":0,"href":"https:\/\/www.eibareskubaloia.eus\/eu\/wp-json\/wp\/v2\/posts\/2275\/revisions"}],"wp:attachment":[{"href":"https:\/\/www.eibareskubaloia.eus\/eu\/wp-json\/wp\/v2\/media?parent=2275"}],"wp:term":[{"taxonomy":"category","embeddable":true,"href":"https:\/\/www.eibareskubaloia.eus\/eu\/wp-json\/wp\/v2\/categories?post=2275"},{"taxonomy":"post_tag","embeddable":true,"href":"https:\/\/www.eibareskubaloia.eus\/eu\/wp-json\/wp\/v2\/tags?post=2275"}],"curies":[{"name":"wp","href":"https:\/\/api.w.org\/{rel}","templated":true}]}}